{"id":34898,"date":"2019-08-15T15:14:48","date_gmt":"2019-08-15T13:14:48","guid":{"rendered":"https:\/\/www.vandijkenko.nl\/unkategorisiert\/afwijkende-openingstijden-kerstvakantie\/"},"modified":"2019-10-08T10:44:29","modified_gmt":"2019-10-08T08:44:29","slug":"afwijkende-openingstijden-kerstvakantie","status":"publish","type":"post","link":"https:\/\/www.vandijkenko.nl\/de\/unkategorisiert\/afwijkende-openingstijden-kerstvakantie\/","title":{"rendered":"\u00d6ffnungszeiten Weihnachtsferien"},"content":{"rendered":"<p lang=\"de-DE\">In diesen Weihnachtsferien haben wir abweichende \u00d6ffnungszeiten.<\/p>\n<p lang=\"de-DE\">Am ersten und zweiten Weihnachtsfeiertag ist freie Zeit f\u00fcr Familie und Freunde. Dies gilt auch f\u00fcr den Neujahrstag. Der Laden ist an diesen Tagen daher geschlossen. An allen anderen Tagen stehen wir mit M\u00fctze und Thermoausstattung im Lager. Au\u00dfer montags, denn dann haben wir immer geschlossen.<\/p>\n<p lang=\"de-DE\">Ho Ho Ho<\/p>\n<p lang=\"de-DE\">Sam, Merove, Dimitri, Max, Chiara, Ivette, Just, Lotte, Hilleke und Anoushka w\u00fcnschen jedermann frohe Festtage und, wenn wir uns dieses Jahr nicht mehr sehen, schon jetzt einen angenehmen Jahresanfang 2019!<\/p>\n<p lang=\"de-DE\">F\u00fcr unsere normalen \u00d6ffnungszeiten klicken Sie <a href=\"https:\/\/www.vandijkenko.nl\/contact\/\">hier<\/a><\/p>\n","protected":false},"excerpt":{"rendered":"<p>In diesen Weihnachtsferien haben wir abweichende \u00d6ffnungszeiten. Am ersten und zweiten Weihnachtsfeiertag ist freie [&hellip;]<\/p>\n","protected":false},"author":2,"featured_media":22287,"comment_status":"closed","ping_status":"open","sticky":false,"template":"","format":"standard","meta":{"_acf_changed":false,"footnotes":""},"categories":[],"tags":[],"class_list":["post-34898","post","type-post","status-publish","format-standard","has-post-thumbnail","hentry"],"acf":[],"yoast_head":"<!-- This site is optimized with the Yoast SEO Premium plugin v27.4 (Yoast SEO v27.4) - https:\/\/yoast.com\/product\/yoast-seo-premium-wordpress\/ -->\n<title>\u00d6ffnungszeiten Weihnachtsferien - Van Dijk &amp; Ko - Amsterdam<\/title>\n<meta name=\"description\" content=\"Afwijkende openingstijden in de kerstvakantie. Eerste en tweede kerstdag en nieuwjaarsdag is de loods in Amsterdam-Noord gesloten.\" \/>\n<meta name=\"robots\" content=\"index, follow, max-snippet:-1, max-image-preview:large, max-video-preview:-1\" \/>\n<link rel=\"canonical\" href=\"https:\/\/www.vandijkenko.nl\/de\/unkategorisiert\/afwijkende-openingstijden-kerstvakantie\/\" \/>\n<meta property=\"og:locale\" content=\"de_DE\" \/>\n<meta property=\"og:type\" content=\"article\" \/>\n<meta property=\"og:title\" content=\"\u00d6ffnungszeiten Weihnachtsferien\" \/>\n<meta property=\"og:description\" content=\"Afwijkende openingstijden in de kerstvakantie. Eerste en tweede kerstdag en nieuwjaarsdag is de loods in Amsterdam-Noord gesloten.\" \/>\n<meta property=\"og:url\" content=\"https:\/\/www.vandijkenko.nl\/de\/unkategorisiert\/afwijkende-openingstijden-kerstvakantie\/\" \/>\n<meta property=\"og:site_name\" content=\"Van Dijk &amp; Ko\" \/>\n<meta property=\"article:publisher\" content=\"https:\/\/www.facebook.com\/vandijkenko\/\" \/>\n<meta property=\"article:published_time\" content=\"2019-08-15T13:14:48+00:00\" \/>\n<meta property=\"article:modified_time\" content=\"2019-10-08T08:44:29+00:00\" \/>\n<meta property=\"og:image\" content=\"https:\/\/www.vandijkenko.nl\/wp-content\/uploads\/2018\/12\/feestdagen.jpeg\" \/>\n\t<meta property=\"og:image:width\" content=\"1920\" \/>\n\t<meta property=\"og:image:height\" content=\"1920\" \/>\n\t<meta property=\"og:image:type\" content=\"image\/jpeg\" \/>\n<meta name=\"author\" content=\"vandijkenko\" \/>\n<meta name=\"twitter:card\" content=\"summary_large_image\" \/>\n<meta name=\"twitter:label1\" content=\"Verfasst von\" \/>\n\t<meta name=\"twitter:data1\" content=\"vandijkenko\" \/>\n<script type=\"application\/ld+json\" class=\"yoast-schema-graph\">{\"@context\":\"https:\\\/\\\/schema.org\",\"@graph\":[{\"@type\":\"Article\",\"@id\":\"https:\\\/\\\/www.vandijkenko.nl\\\/de\\\/unkategorisiert\\\/afwijkende-openingstijden-kerstvakantie\\\/#article\",\"isPartOf\":{\"@id\":\"https:\\\/\\\/www.vandijkenko.nl\\\/de\\\/unkategorisiert\\\/afwijkende-openingstijden-kerstvakantie\\\/\"},\"author\":{\"name\":\"vandijkenko\",\"@id\":\"https:\\\/\\\/www.vandijkenko.nl\\\/de\\\/#\\\/schema\\\/person\\\/bb57065ccba2b9ce5b6ec92f66e6b328\"},\"headline\":\"\u00d6ffnungszeiten Weihnachtsferien\",\"datePublished\":\"2019-08-15T13:14:48+00:00\",\"dateModified\":\"2019-10-08T08:44:29+00:00\",\"mainEntityOfPage\":{\"@id\":\"https:\\\/\\\/www.vandijkenko.nl\\\/de\\\/unkategorisiert\\\/afwijkende-openingstijden-kerstvakantie\\\/\"},\"wordCount\":100,\"publisher\":{\"@id\":\"https:\\\/\\\/www.vandijkenko.nl\\\/de\\\/#organization\"},\"image\":{\"@id\":\"https:\\\/\\\/www.vandijkenko.nl\\\/de\\\/unkategorisiert\\\/afwijkende-openingstijden-kerstvakantie\\\/#primaryimage\"},\"thumbnailUrl\":\"https:\\\/\\\/www.vandijkenko.nl\\\/wp-content\\\/uploads\\\/2018\\\/12\\\/feestdagen.jpeg\",\"inLanguage\":\"de\",\"copyrightYear\":\"2019\",\"copyrightHolder\":{\"@id\":\"https:\\\/\\\/www.vandijkenko.nl\\\/#organization\"}},{\"@type\":\"WebPage\",\"@id\":\"https:\\\/\\\/www.vandijkenko.nl\\\/de\\\/unkategorisiert\\\/afwijkende-openingstijden-kerstvakantie\\\/\",\"url\":\"https:\\\/\\\/www.vandijkenko.nl\\\/de\\\/unkategorisiert\\\/afwijkende-openingstijden-kerstvakantie\\\/\",\"name\":\"\u00d6ffnungszeiten Weihnachtsferien - Van Dijk &amp; Ko - Amsterdam\",\"isPartOf\":{\"@id\":\"https:\\\/\\\/www.vandijkenko.nl\\\/de\\\/#website\"},\"primaryImageOfPage\":{\"@id\":\"https:\\\/\\\/www.vandijkenko.nl\\\/de\\\/unkategorisiert\\\/afwijkende-openingstijden-kerstvakantie\\\/#primaryimage\"},\"image\":{\"@id\":\"https:\\\/\\\/www.vandijkenko.nl\\\/de\\\/unkategorisiert\\\/afwijkende-openingstijden-kerstvakantie\\\/#primaryimage\"},\"thumbnailUrl\":\"https:\\\/\\\/www.vandijkenko.nl\\\/wp-content\\\/uploads\\\/2018\\\/12\\\/feestdagen.jpeg\",\"datePublished\":\"2019-08-15T13:14:48+00:00\",\"dateModified\":\"2019-10-08T08:44:29+00:00\",\"description\":\"Afwijkende openingstijden in de kerstvakantie. Eerste en tweede kerstdag en nieuwjaarsdag is de loods in Amsterdam-Noord gesloten.\",\"breadcrumb\":{\"@id\":\"https:\\\/\\\/www.vandijkenko.nl\\\/de\\\/unkategorisiert\\\/afwijkende-openingstijden-kerstvakantie\\\/#breadcrumb\"},\"inLanguage\":\"de\",\"potentialAction\":[{\"@type\":\"ReadAction\",\"target\":[\"https:\\\/\\\/www.vandijkenko.nl\\\/de\\\/unkategorisiert\\\/afwijkende-openingstijden-kerstvakantie\\\/\"]}]},{\"@type\":\"ImageObject\",\"inLanguage\":\"de\",\"@id\":\"https:\\\/\\\/www.vandijkenko.nl\\\/de\\\/unkategorisiert\\\/afwijkende-openingstijden-kerstvakantie\\\/#primaryimage\",\"url\":\"https:\\\/\\\/www.vandijkenko.nl\\\/wp-content\\\/uploads\\\/2018\\\/12\\\/feestdagen.jpeg\",\"contentUrl\":\"https:\\\/\\\/www.vandijkenko.nl\\\/wp-content\\\/uploads\\\/2018\\\/12\\\/feestdagen.jpeg\",\"width\":1920,\"height\":1920,\"caption\":\"kerstvakantie\"},{\"@type\":\"BreadcrumbList\",\"@id\":\"https:\\\/\\\/www.vandijkenko.nl\\\/de\\\/unkategorisiert\\\/afwijkende-openingstijden-kerstvakantie\\\/#breadcrumb\",\"itemListElement\":[{\"@type\":\"ListItem\",\"position\":1,\"name\":\"Home\",\"item\":\"https:\\\/\\\/www.vandijkenko.nl\\\/de\\\/\"},{\"@type\":\"ListItem\",\"position\":2,\"name\":\"\u00d6ffnungszeiten Weihnachtsferien\"}]},{\"@type\":\"WebSite\",\"@id\":\"https:\\\/\\\/www.vandijkenko.nl\\\/de\\\/#website\",\"url\":\"https:\\\/\\\/www.vandijkenko.nl\\\/de\\\/\",\"name\":\"Van Dijk &amp; Ko\",\"description\":\"\",\"publisher\":{\"@id\":\"https:\\\/\\\/www.vandijkenko.nl\\\/de\\\/#organization\"},\"potentialAction\":[{\"@type\":\"SearchAction\",\"target\":{\"@type\":\"EntryPoint\",\"urlTemplate\":\"https:\\\/\\\/www.vandijkenko.nl\\\/de\\\/?s={search_term_string}\"},\"query-input\":{\"@type\":\"PropertyValueSpecification\",\"valueRequired\":true,\"valueName\":\"search_term_string\"}}],\"inLanguage\":\"de\"},{\"@type\":[\"Organization\",\"Place\",\"FurnitureStore\"],\"@id\":\"https:\\\/\\\/www.vandijkenko.nl\\\/de\\\/#organization\",\"name\":\"Van Dijk & Ko\",\"url\":\"https:\\\/\\\/www.vandijkenko.nl\\\/de\\\/\",\"logo\":{\"@id\":\"https:\\\/\\\/www.vandijkenko.nl\\\/de\\\/unkategorisiert\\\/afwijkende-openingstijden-kerstvakantie\\\/#local-main-organization-logo\"},\"image\":{\"@id\":\"https:\\\/\\\/www.vandijkenko.nl\\\/de\\\/unkategorisiert\\\/afwijkende-openingstijden-kerstvakantie\\\/#local-main-organization-logo\"},\"sameAs\":[\"https:\\\/\\\/www.facebook.com\\\/vandijkenko\\\/\",\"https:\\\/\\\/www.instagram.com\\\/vandijkenko\\\/\",\"https:\\\/\\\/www.pinterest.co.uk\\\/vandijkko0026\\\/\"],\"address\":{\"@id\":\"https:\\\/\\\/www.vandijkenko.nl\\\/de\\\/unkategorisiert\\\/afwijkende-openingstijden-kerstvakantie\\\/#local-main-place-address\"},\"geo\":{\"@type\":\"GeoCoordinates\",\"latitude\":\"52.3977911\",\"longitude\":\"4.9042822\"},\"telephone\":[\"+31 20 684 1524\"],\"openingHoursSpecification\":[{\"@type\":\"OpeningHoursSpecification\",\"dayOfWeek\":[\"Monday\"],\"opens\":\"00:00\",\"closes\":\"00:00\"},{\"@type\":\"OpeningHoursSpecification\",\"dayOfWeek\":[\"Tuesday\",\"Wednesday\",\"Thursday\",\"Friday\",\"Saturday\"],\"opens\":\"10:00\",\"closes\":\"18:00\"},{\"@type\":\"OpeningHoursSpecification\",\"dayOfWeek\":[\"Sunday\"],\"opens\":\"12:00\",\"closes\":\"18:00\"}],\"email\":\"info@vandijkenko.nl\"},{\"@type\":\"Person\",\"@id\":\"https:\\\/\\\/www.vandijkenko.nl\\\/de\\\/#\\\/schema\\\/person\\\/bb57065ccba2b9ce5b6ec92f66e6b328\",\"name\":\"vandijkenko\",\"sameAs\":[\"http:\\\/\\\/www.vandijkenko.nl\\\/\"]},{\"@type\":\"PostalAddress\",\"@id\":\"https:\\\/\\\/www.vandijkenko.nl\\\/de\\\/unkategorisiert\\\/afwijkende-openingstijden-kerstvakantie\\\/#local-main-place-address\",\"streetAddress\":\"Papaverweg 46\",\"addressLocality\":\"Amsterdam\",\"postalCode\":\"1032 KJ\",\"addressRegion\":\"Noord-holland\",\"addressCountry\":\"NL\"},{\"@type\":\"ImageObject\",\"inLanguage\":\"de\",\"@id\":\"https:\\\/\\\/www.vandijkenko.nl\\\/de\\\/unkategorisiert\\\/afwijkende-openingstijden-kerstvakantie\\\/#local-main-organization-logo\",\"url\":\"https:\\\/\\\/www.vandijkenko.nl\\\/wp-content\\\/uploads\\\/2019\\\/09\\\/VanDijkenKologo.jpg\",\"contentUrl\":\"https:\\\/\\\/www.vandijkenko.nl\\\/wp-content\\\/uploads\\\/2019\\\/09\\\/VanDijkenKologo.jpg\",\"width\":320,\"height\":320,\"caption\":\"Van Dijk & Ko\"}]}<\/script>\n<meta name=\"geo.placename\" content=\"Amsterdam\" \/>\n<meta name=\"geo.position\" content=\"52.3977911;4.9042822\" \/>\n<meta name=\"geo.region\" content=\"Niederlande\" \/>\n<!-- \/ Yoast SEO Premium plugin. -->","yoast_head_json":{"title":"\u00d6ffnungszeiten Weihnachtsferien - Van Dijk &amp; Ko - Amsterdam","description":"Afwijkende openingstijden in de kerstvakantie. Eerste en tweede kerstdag en nieuwjaarsdag is de loods in Amsterdam-Noord gesloten.","robots":{"index":"index","follow":"follow","max-snippet":"max-snippet:-1","max-image-preview":"max-image-preview:large","max-video-preview":"max-video-preview:-1"},"canonical":"https:\/\/www.vandijkenko.nl\/de\/unkategorisiert\/afwijkende-openingstijden-kerstvakantie\/","og_locale":"de_DE","og_type":"article","og_title":"\u00d6ffnungszeiten Weihnachtsferien","og_description":"Afwijkende openingstijden in de kerstvakantie. Eerste en tweede kerstdag en nieuwjaarsdag is de loods in Amsterdam-Noord gesloten.","og_url":"https:\/\/www.vandijkenko.nl\/de\/unkategorisiert\/afwijkende-openingstijden-kerstvakantie\/","og_site_name":"Van Dijk &amp; Ko","article_publisher":"https:\/\/www.facebook.com\/vandijkenko\/","article_published_time":"2019-08-15T13:14:48+00:00","article_modified_time":"2019-10-08T08:44:29+00:00","og_image":[{"width":1920,"height":1920,"url":"https:\/\/www.vandijkenko.nl\/wp-content\/uploads\/2018\/12\/feestdagen.jpeg","type":"image\/jpeg"}],"author":"vandijkenko","twitter_card":"summary_large_image","twitter_misc":{"Verfasst von":"vandijkenko"},"schema":{"@context":"https:\/\/schema.org","@graph":[{"@type":"Article","@id":"https:\/\/www.vandijkenko.nl\/de\/unkategorisiert\/afwijkende-openingstijden-kerstvakantie\/#article","isPartOf":{"@id":"https:\/\/www.vandijkenko.nl\/de\/unkategorisiert\/afwijkende-openingstijden-kerstvakantie\/"},"author":{"name":"vandijkenko","@id":"https:\/\/www.vandijkenko.nl\/de\/#\/schema\/person\/bb57065ccba2b9ce5b6ec92f66e6b328"},"headline":"\u00d6ffnungszeiten Weihnachtsferien","datePublished":"2019-08-15T13:14:48+00:00","dateModified":"2019-10-08T08:44:29+00:00","mainEntityOfPage":{"@id":"https:\/\/www.vandijkenko.nl\/de\/unkategorisiert\/afwijkende-openingstijden-kerstvakantie\/"},"wordCount":100,"publisher":{"@id":"https:\/\/www.vandijkenko.nl\/de\/#organization"},"image":{"@id":"https:\/\/www.vandijkenko.nl\/de\/unkategorisiert\/afwijkende-openingstijden-kerstvakantie\/#primaryimage"},"thumbnailUrl":"https:\/\/www.vandijkenko.nl\/wp-content\/uploads\/2018\/12\/feestdagen.jpeg","inLanguage":"de","copyrightYear":"2019","copyrightHolder":{"@id":"https:\/\/www.vandijkenko.nl\/#organization"}},{"@type":"WebPage","@id":"https:\/\/www.vandijkenko.nl\/de\/unkategorisiert\/afwijkende-openingstijden-kerstvakantie\/","url":"https:\/\/www.vandijkenko.nl\/de\/unkategorisiert\/afwijkende-openingstijden-kerstvakantie\/","name":"\u00d6ffnungszeiten Weihnachtsferien - Van Dijk &amp; Ko - Amsterdam","isPartOf":{"@id":"https:\/\/www.vandijkenko.nl\/de\/#website"},"primaryImageOfPage":{"@id":"https:\/\/www.vandijkenko.nl\/de\/unkategorisiert\/afwijkende-openingstijden-kerstvakantie\/#primaryimage"},"image":{"@id":"https:\/\/www.vandijkenko.nl\/de\/unkategorisiert\/afwijkende-openingstijden-kerstvakantie\/#primaryimage"},"thumbnailUrl":"https:\/\/www.vandijkenko.nl\/wp-content\/uploads\/2018\/12\/feestdagen.jpeg","datePublished":"2019-08-15T13:14:48+00:00","dateModified":"2019-10-08T08:44:29+00:00","description":"Afwijkende openingstijden in de kerstvakantie. Eerste en tweede kerstdag en nieuwjaarsdag is de loods in Amsterdam-Noord gesloten.","breadcrumb":{"@id":"https:\/\/www.vandijkenko.nl\/de\/unkategorisiert\/afwijkende-openingstijden-kerstvakantie\/#breadcrumb"},"inLanguage":"de","potentialAction":[{"@type":"ReadAction","target":["https:\/\/www.vandijkenko.nl\/de\/unkategorisiert\/afwijkende-openingstijden-kerstvakantie\/"]}]},{"@type":"ImageObject","inLanguage":"de","@id":"https:\/\/www.vandijkenko.nl\/de\/unkategorisiert\/afwijkende-openingstijden-kerstvakantie\/#primaryimage","url":"https:\/\/www.vandijkenko.nl\/wp-content\/uploads\/2018\/12\/feestdagen.jpeg","contentUrl":"https:\/\/www.vandijkenko.nl\/wp-content\/uploads\/2018\/12\/feestdagen.jpeg","width":1920,"height":1920,"caption":"kerstvakantie"},{"@type":"BreadcrumbList","@id":"https:\/\/www.vandijkenko.nl\/de\/unkategorisiert\/afwijkende-openingstijden-kerstvakantie\/#breadcrumb","itemListElement":[{"@type":"ListItem","position":1,"name":"Home","item":"https:\/\/www.vandijkenko.nl\/de\/"},{"@type":"ListItem","position":2,"name":"\u00d6ffnungszeiten Weihnachtsferien"}]},{"@type":"WebSite","@id":"https:\/\/www.vandijkenko.nl\/de\/#website","url":"https:\/\/www.vandijkenko.nl\/de\/","name":"Van Dijk &amp; Ko","description":"","publisher":{"@id":"https:\/\/www.vandijkenko.nl\/de\/#organization"},"potentialAction":[{"@type":"SearchAction","target":{"@type":"EntryPoint","urlTemplate":"https:\/\/www.vandijkenko.nl\/de\/?s={search_term_string}"},"query-input":{"@type":"PropertyValueSpecification","valueRequired":true,"valueName":"search_term_string"}}],"inLanguage":"de"},{"@type":["Organization","Place","FurnitureStore"],"@id":"https:\/\/www.vandijkenko.nl\/de\/#organization","name":"Van Dijk & Ko","url":"https:\/\/www.vandijkenko.nl\/de\/","logo":{"@id":"https:\/\/www.vandijkenko.nl\/de\/unkategorisiert\/afwijkende-openingstijden-kerstvakantie\/#local-main-organization-logo"},"image":{"@id":"https:\/\/www.vandijkenko.nl\/de\/unkategorisiert\/afwijkende-openingstijden-kerstvakantie\/#local-main-organization-logo"},"sameAs":["https:\/\/www.facebook.com\/vandijkenko\/","https:\/\/www.instagram.com\/vandijkenko\/","https:\/\/www.pinterest.co.uk\/vandijkko0026\/"],"address":{"@id":"https:\/\/www.vandijkenko.nl\/de\/unkategorisiert\/afwijkende-openingstijden-kerstvakantie\/#local-main-place-address"},"geo":{"@type":"GeoCoordinates","latitude":"52.3977911","longitude":"4.9042822"},"telephone":["+31 20 684 1524"],"openingHoursSpecification":[{"@type":"OpeningHoursSpecification","dayOfWeek":["Monday"],"opens":"00:00","closes":"00:00"},{"@type":"OpeningHoursSpecification","dayOfWeek":["Tuesday","Wednesday","Thursday","Friday","Saturday"],"opens":"10:00","closes":"18:00"},{"@type":"OpeningHoursSpecification","dayOfWeek":["Sunday"],"opens":"12:00","closes":"18:00"}],"email":"info@vandijkenko.nl"},{"@type":"Person","@id":"https:\/\/www.vandijkenko.nl\/de\/#\/schema\/person\/bb57065ccba2b9ce5b6ec92f66e6b328","name":"vandijkenko","sameAs":["http:\/\/www.vandijkenko.nl\/"]},{"@type":"PostalAddress","@id":"https:\/\/www.vandijkenko.nl\/de\/unkategorisiert\/afwijkende-openingstijden-kerstvakantie\/#local-main-place-address","streetAddress":"Papaverweg 46","addressLocality":"Amsterdam","postalCode":"1032 KJ","addressRegion":"Noord-holland","addressCountry":"NL"},{"@type":"ImageObject","inLanguage":"de","@id":"https:\/\/www.vandijkenko.nl\/de\/unkategorisiert\/afwijkende-openingstijden-kerstvakantie\/#local-main-organization-logo","url":"https:\/\/www.vandijkenko.nl\/wp-content\/uploads\/2019\/09\/VanDijkenKologo.jpg","contentUrl":"https:\/\/www.vandijkenko.nl\/wp-content\/uploads\/2019\/09\/VanDijkenKologo.jpg","width":320,"height":320,"caption":"Van Dijk & Ko"}]},"geo.placename":"Amsterdam","geo.position":{"lat":"52.3977911","long":"4.9042822"},"geo.region":"Niederlande"},"_links":{"self":[{"href":"https:\/\/www.vandijkenko.nl\/de\/wp-json\/wp\/v2\/posts\/34898","targetHints":{"allow":["GET"]}}],"collection":[{"href":"https:\/\/www.vandijkenko.nl\/de\/wp-json\/wp\/v2\/posts"}],"about":[{"href":"https:\/\/www.vandijkenko.nl\/de\/wp-json\/wp\/v2\/types\/post"}],"author":[{"embeddable":true,"href":"https:\/\/www.vandijkenko.nl\/de\/wp-json\/wp\/v2\/users\/2"}],"replies":[{"embeddable":true,"href":"https:\/\/www.vandijkenko.nl\/de\/wp-json\/wp\/v2\/comments?post=34898"}],"version-history":[{"count":0,"href":"https:\/\/www.vandijkenko.nl\/de\/wp-json\/wp\/v2\/posts\/34898\/revisions"}],"wp:featuredmedia":[{"embeddable":true,"href":"https:\/\/www.vandijkenko.nl\/de\/wp-json\/wp\/v2\/media\/22287"}],"wp:attachment":[{"href":"https:\/\/www.vandijkenko.nl\/de\/wp-json\/wp\/v2\/media?parent=34898"}],"wp:term":[{"taxonomy":"category","embeddable":true,"href":"https:\/\/www.vandijkenko.nl\/de\/wp-json\/wp\/v2\/categories?post=34898"},{"taxonomy":"post_tag","embeddable":true,"href":"https:\/\/www.vandijkenko.nl\/de\/wp-json\/wp\/v2\/tags?post=34898"}],"curies":[{"name":"wp","href":"https:\/\/api.w.org\/{rel}","templated":true}]}}